{"id":737,"date":"2026-02-28T20:08:16","date_gmt":"2026-02-28T20:08:16","guid":{"rendered":"https:\/\/em-agency.ch\/%f0%9f%92%8e-exklusiv-fuer-die-erotikbranche\/"},"modified":"2026-03-25T16:10:55","modified_gmt":"2026-03-25T16:10:55","slug":"kizarolag-az-erotikai-ipar-szamara","status":"publish","type":"post","link":"https:\/\/em-agency.ch\/hu\/kizarolag-az-erotikai-ipar-szamara\/","title":{"rendered":"\ud83d\udc8eKiz\u00e1r\u00f3lag az erotikai ipar sz\u00e1m\u00e1ra"},"content":{"rendered":"\n<h2 class=\"wp-block-heading\">Mi\u00e9rt jelent m\u00e9rf\u00f6ldk\u00f6vet a Domin\u00e1k \u00e9s szexmunk\u00e1sok sz\u00e1m\u00e1ra az \u00faj szerver-partners\u00e9g\u00fcnk?\ud83d\udc8e<\/h2>\n\n<p class=\"wp-block-paragraph\"><p>Nagyon \u00f6r\u00fcl\u00fcnk, hogy ma egy k\u00fcl\u00f6nleges friss\u00edt\u00e9ssel szolg\u00e1lhatunk nektek \u2013 \u00e9s ezzel egy\u00fattal egy \u00e1ll\u00e1sfoglal\u00e1st is tesz\u00fcnk.<br\/>Sv\u00e1jci hostingpartnereinkkel val\u00f3 szoros egy\u00fcttm\u0171k\u00f6d\u00e9s\u00fcnk, valamint szem\u00e9lyes \u00e9s \u00fczleti h\u00e1l\u00f3zatunk r\u00e9v\u00e9n l\u00e9trehoztunk valamit, ami ilyen form\u00e1ban m\u00e9g soha nem l\u00e9tezett:<\/p><\/p>\n\n<p class=\"wp-block-paragraph\"><p>\ud83d\udc49 <strong>Teljes k\u00f6r\u0171, hivatalosan tan\u00fas\u00edtott \u00e9s szakmailag biztos\u00edtott t\u00e1rhely-infrastrukt\u00fara \u2013 kiz\u00e1r\u00f3lag az erotika- \u00e9s szexipar sz\u00e1m\u00e1ra.<\/strong><\/p><\/p>\n\n<p class=\"wp-block-paragraph\">Mit jelent ez sz\u00e1modra?<\/p>\n\n<hr class=\"wp-block-separator has-alpha-channel-opacity\"\/>\n\n<h2 class=\"wp-block-heading\">\ud83c\udde8\ud83c\udded A sv\u00e1jci szerverkapacit\u00e1s \u2013 mostant\u00f3l a mi szak\u00e9rtelm\u00fcnkkel \u00f6tv\u00f6zve<\/h2>\n\n<p class=\"wp-block-paragraph\">H\u00e1rom er\u0151s sv\u00e1jci telephellyel val\u00f3 egy\u00fcttm\u0171k\u00f6d\u00e9s\u00fcnknek k\u00f6sz\u00f6nhet\u0151en \u00f6sszek\u00f6tj\u00fck:<\/p>\n\n<p class=\"wp-block-paragraph\"><p>\u2714 a legszigor\u00fabb adatv\u00e9delmi el\u0151\u00edr\u00e1sok<br\/>\u2714 a legkorszer\u0171bb technikai infrastrukt\u00fara<br\/>\u2714 feln\u0151tt tartalmakra vonatkoz\u00f3 bar\u00e1ts\u00e1gos t\u00e1rhely-ir\u00e1nyelvek<br\/>\u2714 sok\u00e9ves tapasztalat az erotikaiparban<\/p><\/p>\n\n<p class=\"wp-block-paragraph\"><p>Ez a kombin\u00e1ci\u00f3 kor\u00e1bban nem l\u00e9tezett \u2013 \u00e9s ma ez teszi minket a sv\u00e1jci szerverek hivatalos szolg\u00e1ltat\u00f3j\u00e1v\u00e1, kifejezetten domina-szolg\u00e1ltat\u00f3k, k\u00eds\u00e9r\u0151k, szalonok \u00e9s szexmunk\u00e1sok sz\u00e1m\u00e1ra.<\/p><\/p>\n\n<hr class=\"wp-block-separator has-alpha-channel-opacity\"\/>\n\n<h2 class=\"wp-block-heading\">\ud83d\udd25 Egy olyan szolg\u00e1ltat\u00e1s, amely eddig nem l\u00e9tezett<\/h2>\n\n<p class=\"wp-block-paragraph\">Sok \u00fcgyfel\u00fcnk ismeri ezt a probl\u00e9m\u00e1t:<\/p>\n\n<ul class=\"wp-block-list\">\n<li>A hagyom\u00e1nyos t\u00e1rhelyszolg\u00e1ltat\u00f3k letiltj\u00e1k az erotikus tartalmakat<\/li>\n\n\n\n<li>A szerverek nem biztons\u00e1gosak vagy t\u00fal lass\u00faak<\/li>\n\n\n\n<li>A t\u00e1mogat\u00e1s nem \u00e9rti az ipar\u00e1gat<\/li>\n\n\n\n<li>Az adatv\u00e9delem gyakran kock\u00e1zatot jelent<\/li>\n<\/ul>\n\n<p class=\"wp-block-paragraph\">Az \u00faj infrastrukt\u00far\u00e1nkkal megoldjuk ezt a probl\u00e9m\u00e1t.<\/p>\n\n<p class=\"wp-block-paragraph\"><p>\u2728 <strong>A sv\u00e1jci szerverek megb\u00edzhat\u00f3s\u00e1g\u00e1t, a cs\u00facstechnol\u00f3gi\u00e1t \u00e9s az ipar\u00e1gi szak\u00e9rtelm\u00fcnket egyed\u00fcl\u00e1ll\u00f3 t\u00e1rhelyrendszerr\u00e9 \u00f6tv\u00f6zt\u00fck.<\/strong><\/p><\/p>\n\n<p class=\"wp-block-paragraph\">Az eredm\u00e9ny:<\/p>\n\n<p class=\"wp-block-paragraph\"><p><strong>Professzion\u00e1lis t\u00e1rhely, amely v\u00e9gre val\u00f3ban az \u00fczleti ig\u00e9nyeidre szabott.<\/strong><\/p><\/p>\n\n<hr class=\"wp-block-separator has-alpha-channel-opacity\"\/>\n\n<h2 class=\"wp-block-heading\">\ud83d\udd10 Tan\u00fas\u00edtott, megb\u00edzhat\u00f3, diszkr\u00e9t \u2013 \u00e9s kifejezetten neked<\/h2>\n\n<p class=\"wp-block-paragraph\">Ez sz\u00e1modra azt jelenti, hogy:<\/p>\n\n<ul class=\"wp-block-list\">\n<li>nagyobb biztons\u00e1g<\/li>\n\n\n\n<li>nagyobb bizalom<\/li>\n\n\n\n<li>nagyobb stabilit\u00e1s<\/li>\n\n\n\n<li>t\u00f6bb szabads\u00e1g a tartalmaid sz\u00e1m\u00e1ra<\/li>\n<\/ul>\n\n<p class=\"wp-block-paragraph\"><\/p>\n\n<hr class=\"wp-block-separator has-alpha-channel-opacity\"\/>\n\n<h2 class=\"wp-block-heading\">\ud83d\udc9a Egy \u00f6r\u00f6mteli blogbejegyz\u00e9s \u2013 \u00e9s egy hat\u00e1rozott \u00e1ll\u00e1sfoglal\u00e1s<\/h2>\n\n<p class=\"wp-block-paragraph\"><p>Ez a blogbejegyz\u00e9s nem csup\u00e1n egy friss\u00edt\u00e9s.<br\/>Hanem annak a jele, hogy mennyire elk\u00f6telezettek vagyunk ir\u00e1ntad.<\/p><\/p>\n\n<p class=\"wp-block-paragraph\">\u00d6r\u00f6mmel osztjuk meg ezt a h\u00edrt, mert tudjuk:<\/p>\n\n<p class=\"wp-block-paragraph\"><p><strong>\ud83d\udc49 Meg\u00e9rdemelsz kiv\u00e1l\u00f3 min\u0151s\u00e9g\u0171, megb\u00edzhat\u00f3 \u00e9s felhaszn\u00e1l\u00f3bar\u00e1t technikai megold\u00e1sokat.<\/strong><br\/><strong>\ud83d\udc49 Meg\u00e9rdemelsz olyan t\u00e1rhelyszolg\u00e1ltat\u00e1st, amely nem ellened dolgozik, hanem minden szinten t\u00e1mogat t\u00e9ged.<\/strong><\/p><\/p>\n\n<p class=\"wp-block-paragraph\">\u00c9s pontosan ezt k\u00edn\u00e1ljuk neked most \u2013 olyan sz\u00ednvonalon, amilyen eddig m\u00e9g nem volt.<\/p>\n\n<hr class=\"wp-block-separator has-alpha-channel-opacity\"\/>\n\n<h2 class=\"wp-block-heading\">\ud83d\ude80 K\u00e9szen \u00e1llsz egy olyan sv\u00e1jci pr\u00e9mium t\u00e1rhelyre, amely pontosan az ig\u00e9nyeidnek megfelel?<\/h2>\n\n<p class=\"wp-block-paragraph\">Ha weboldalt \u00fczemeltetsz, \u00e9s olyan megold\u00e1st keresel, amely:<\/p>\n\n<ul class=\"wp-block-list\">\n<li>stabil<\/li>\n\n\n\n<li>diszkr\u00e9ten<\/li>\n\n\n\n<li>feln\u0151tteknek is megfelel\u0151<\/li>\n\n\n\n<li>m\u0171szakilag kiv\u00e1l\u00f3<\/li>\n\n\n\n<li>\u00e9s az \u00d6n ipar\u00e1g\u00e1hoz igazodik,<\/li>\n<\/ul>\n\n<p class=\"wp-block-paragraph\">akkor most van a t\u00f6k\u00e9letes alkalom.<\/p>\n\n<p class=\"wp-block-paragraph\"><p>\ud83d\udc8e <strong>T\u00e1rhely, \u00fcgyf\u00e9lszolg\u00e1lat, technika \u00e9s fejleszt\u00e9s \u2013 mindez egy helyen, mindez neked.<\/strong><\/p><\/p>\n\n<p class=\"wp-block-paragraph\"><\/p>\n<a href=\"https:\/\/em-agency.ch\/de\/webhosting-2\/\" class=\"btn btn-primary\">\ud83e\udea9 Zum Hosting Angebot \ud83c\udf10<\/a>\n","protected":false},"excerpt":{"rendered":"<p>Mi\u00e9rt jelent m\u00e9rf\u00f6ldk\u00f6vet a Domin\u00e1k \u00e9s szexmunk\u00e1sok sz\u00e1m\u00e1ra az \u00faj szerver-partners\u00e9g\u00fcnk?\ud83d\udc8e Nagyon \u00f6r\u00fcl\u00fcnk, hogy ma egy k\u00fcl\u00f6nleges friss\u00edt\u00e9ssel szolg\u00e1lhatunk nektek \u2013 \u00e9s ezzel egy\u00fattal egy \u00e1ll\u00e1sfoglal\u00e1st is tesz\u00fcnk.Sv\u00e1jci hostingpartnereinkkel val\u00f3 szoros egy\u00fcttm\u0171k\u00f6d\u00e9s\u00fcnk, valamint szem\u00e9lyes \u00e9s \u00fczleti h\u00e1l\u00f3zatunk r\u00e9v\u00e9n l\u00e9trehoztunk valamit, ami ilyen form\u00e1ban m\u00e9g soha nem l\u00e9tezett: \ud83d\udc49 Teljes k\u00f6r\u0171, hivatalosan tan\u00fas\u00edtott \u00e9s szakmailag biztos\u00edtott [&hellip;]<\/p>\n","protected":false},"author":1,"featured_media":738,"comment_status":"open","ping_status":"closed","sticky":false,"template":"","format":"standard","meta":{"_jetpack_memberships_contains_paid_content":false,"footnotes":""},"categories":[1],"tags":[],"class_list":["post-737","post","type-post","status-publish","format-standard","has-post-thumbnail","hentry","category-unkategorisiert"],"jetpack_featured_media_url":"https:\/\/em-agency.ch\/wp-content\/uploads\/2025\/12\/EM-Agency-Hosting-Event-Party.jpg","jetpack_sharing_enabled":true,"_links":{"self":[{"href":"https:\/\/em-agency.ch\/hu\/wp-json\/wp\/v2\/posts\/737","targetHints":{"allow":["GET"]}}],"collection":[{"href":"https:\/\/em-agency.ch\/hu\/wp-json\/wp\/v2\/posts"}],"about":[{"href":"https:\/\/em-agency.ch\/hu\/wp-json\/wp\/v2\/types\/post"}],"author":[{"embeddable":true,"href":"https:\/\/em-agency.ch\/hu\/wp-json\/wp\/v2\/users\/1"}],"replies":[{"embeddable":true,"href":"https:\/\/em-agency.ch\/hu\/wp-json\/wp\/v2\/comments?post=737"}],"version-history":[{"count":4,"href":"https:\/\/em-agency.ch\/hu\/wp-json\/wp\/v2\/posts\/737\/revisions"}],"predecessor-version":[{"id":1352,"href":"https:\/\/em-agency.ch\/hu\/wp-json\/wp\/v2\/posts\/737\/revisions\/1352"}],"wp:featuredmedia":[{"embeddable":true,"href":"https:\/\/em-agency.ch\/hu\/wp-json\/wp\/v2\/media\/738"}],"wp:attachment":[{"href":"https:\/\/em-agency.ch\/hu\/wp-json\/wp\/v2\/media?parent=737"}],"wp:term":[{"taxonomy":"category","embeddable":true,"href":"https:\/\/em-agency.ch\/hu\/wp-json\/wp\/v2\/categories?post=737"},{"taxonomy":"post_tag","embeddable":true,"href":"https:\/\/em-agency.ch\/hu\/wp-json\/wp\/v2\/tags?post=737"}],"curies":[{"name":"wp","href":"https:\/\/api.w.org\/{rel}","templated":true}]}}